{"id":141,"date":"2015-08-11T11:14:38","date_gmt":"2015-08-11T14:14:38","guid":{"rendered":"http:\/\/www.eficaxconsultancy.rs\/?p=141"},"modified":"2015-08-11T11:14:38","modified_gmt":"2015-08-11T14:14:38","slug":"protesto-de-cda","status":"publish","type":"post","link":"https:\/\/www.eficax.rs\/?p=141","title":{"rendered":"Protesto de CDA"},"content":{"rendered":"<p style=\"text-align: justify\"><strong>PROTESTO DE CDA<\/strong><\/p>\n<p style=\"text-align: justify\"><strong>\u00a0<\/strong>A possibilidade de enviar a protesto a Certid\u00e3o de D\u00edvida Ativa gerava, at\u00e9 o advento da Lei Federal n\u00ba 12.767\/2012 ainda discuss\u00f5es doutrin\u00e1rias e jurisprudenciais. Por\u00e9m, com o advento da referida lei, que incluiu um par\u00e1grafo \u00fanico ao Art. 1\u00ba da Lei n.\u00b0 9.492\/97, passou-se a permitir expressamente o protesto de Certid\u00f5es da D\u00edvida Ativa. IN VERBIS:<\/p>\n<p style=\"text-align: justify\">\u00a0<em>Art. 1\u00ba (&#8230;)<\/em><\/p>\n<p style=\"text-align: justify\"><em>Par\u00e1grafo \u00fanico.\u00a0 Incluem-se entre os t\u00edtulos sujeitos a protesto as certid\u00f5es de d\u00edvida ativa da Uni\u00e3o, dos Estados, do Distrito Federal, dos Munic\u00edpios e das respectivas autarquias e funda\u00e7\u00f5es p\u00fablicas. (Inclu\u00eddo pela Lei n.<\/em><em>\u00b0<\/em><em> 12.767\/2012)<\/em><\/p>\n<p style=\"text-align: justify\">\u00a0Agora, existindo expressa previs\u00e3o legal do protesto de CDA na Lei n.\u00b0 9.492\/97, est\u00e3o encerradas as discuss\u00f5es. Ali\u00e1s, o Superior Tribunal de Justi\u00e7a, j\u00e1 firmou seu entendimento nesse sentido quando do julgamento do REsp 1126515\/PR, passando a entender que \u00e9 poss\u00edvel o protesto de CDA.<\/p>\n<p style=\"text-align: justify\">\u00a0H\u00e1 de se atentar, por\u00e9m, para os elementos essenciais de validade da CDA antes de promover o protesto para se evitar discuss\u00f5es judiciais sobre o protesto que versem sobre o aspecto formal.<\/p>\n<p style=\"text-align: justify\">\u00a0Para fins did\u00e1ticos,\u00a0<a href=\"http:\/\/www.eficaxconsultancy.rs\/wp-content\/uploads\/2015\/08\/requisitos-CDA.jpg\"><img loading=\"lazy\" class=\"alignleft size-medium wp-image-142\" src=\"http:\/\/www.eficaxconsultancy.rs\/wp-content\/uploads\/2015\/08\/requisitos-CDA-300x196.jpg\" alt=\"Requisitos Formais da CDA\" width=\"300\" height=\"196\" srcset=\"https:\/\/www.eficax.rs\/wp-content\/uploads\/2015\/08\/requisitos-CDA-300x196.jpg 300w, https:\/\/www.eficax.rs\/wp-content\/uploads\/2015\/08\/requisitos-CDA-1024x669.jpg 1024w, https:\/\/www.eficax.rs\/wp-content\/uploads\/2015\/08\/requisitos-CDA-150x98.jpg 150w, https:\/\/www.eficax.rs\/wp-content\/uploads\/2015\/08\/requisitos-CDA.jpg 1086w\" sizes=\"(max-width: 300px) 100vw, 300px\" \/><\/a>elenca-se exemplo para an\u00e1lise dos elementos formais indispens\u00e1veis.<\/p>\n","protected":false},"excerpt":{"rendered":"<p>PROTESTO DE CDA \u00a0A possibilidade de enviar a protesto a Certid\u00e3o de D\u00edvida Ativa gerava, at\u00e9 o advento da Lei Federal n\u00ba 12.767\/2012 ainda discuss\u00f5es doutrin\u00e1rias e jurisprudenciais. Por\u00e9m, com o advento da referida lei, que incluiu um par\u00e1grafo \u00fanico ao Art. 1\u00ba da Lei n.\u00b0 9.492\/97, passou-se a permitir expressamente o protesto de Certid\u00f5es&hellip; <br \/> <a class=\"read-more\" href=\"https:\/\/www.eficax.rs\/?p=141\">Leia mais<\/a><\/p>\n","protected":false},"author":3,"featured_media":0,"comment_status":"closed","ping_status":"open","sticky":false,"template":"","format":"standard","meta":[],"categories":[3],"tags":[],"wppr_data":[],"acf":[],"_links":{"self":[{"href":"https:\/\/www.eficax.rs\/index.php?rest_route=\/wp\/v2\/posts\/141"}],"collection":[{"href":"https:\/\/www.eficax.rs\/index.php?rest_route=\/wp\/v2\/posts"}],"about":[{"href":"https:\/\/www.eficax.rs\/index.php?rest_route=\/wp\/v2\/types\/post"}],"author":[{"embeddable":true,"href":"https:\/\/www.eficax.rs\/index.php?rest_route=\/wp\/v2\/users\/3"}],"replies":[{"embeddable":true,"href":"https:\/\/www.eficax.rs\/index.php?rest_route=%2Fwp%2Fv2%2Fcomments&post=141"}],"version-history":[{"count":1,"href":"https:\/\/www.eficax.rs\/index.php?rest_route=\/wp\/v2\/posts\/141\/revisions"}],"predecessor-version":[{"id":143,"href":"https:\/\/www.eficax.rs\/index.php?rest_route=\/wp\/v2\/posts\/141\/revisions\/143"}],"wp:attachment":[{"href":"https:\/\/www.eficax.rs\/index.php?rest_route=%2Fwp%2Fv2%2Fmedia&parent=141"}],"wp:term":[{"taxonomy":"category","embeddable":true,"href":"https:\/\/www.eficax.rs\/index.php?rest_route=%2Fwp%2Fv2%2Fcategories&post=141"},{"taxonomy":"post_tag","embeddable":true,"href":"https:\/\/www.eficax.rs\/index.php?rest_route=%2Fwp%2Fv2%2Ftags&post=141"}],"curies":[{"name":"wp","href":"https:\/\/api.w.org\/{rel}","templated":true}]}}