{"id":49,"date":"2015-07-18T21:15:34","date_gmt":"2015-07-19T00:15:34","guid":{"rendered":"http:\/\/www.eficaxconsultancy.rs\/?p=49"},"modified":"2015-07-26T22:38:02","modified_gmt":"2015-07-27T01:38:02","slug":"sonegometro-ja-atinge-mais-de-270-bilhoes-de-reais","status":"publish","type":"post","link":"https:\/\/www.eficax.rs\/?p=49","title":{"rendered":"&#8220;Soneg\u00f4metro&#8221; j\u00e1 atinge mais de 270 Bilh\u00f5es de reais"},"content":{"rendered":"<p>O \u201csoneg\u00f4metro\u201d \u00e9 um aplicativo dispon\u00edvel na internet (<a href=\"http:\/\/www.quantocustaobrasil.com.br\">www.quantocustaobrasil.com.br<\/a>) que mede a m\u00e9dia estimada de sonega\u00e7\u00e3o fiscal no pa\u00eds. Trata-se de uma outra vis\u00e3o sobre a arrecada\u00e7\u00e3o tribut\u00e1ria brasileira, que busca uma reflex\u00e3o sobre quanto o pa\u00eds perde na arrecada\u00e7\u00e3o com a sonega\u00e7\u00e3o fiscal. A m\u00e9trica utilizada da sonega\u00e7\u00e3o \u00e9 uma vis\u00e3o do Sindicato dos Procuradores da Fazenda Nacional com a parceira do Instituto Brasileiro de Planejamento e Tributa\u00e7\u00e3o (IBPT), entre outros, numa compara\u00e7\u00e3o com outro aplicativo semelhante tamb\u00e9m disponibilizado na internet, o \u201cImpost\u00f4metro\u201d (<a href=\"http:\/\/www.impostometro.com.br\">www.impostometro.com.br<\/a>) que mede a Arrecada\u00e7\u00e3o Tribut\u00e1ria do pa\u00eds.<\/p>\n<p>No \u00e2mbito municipal, a implanta\u00e7\u00e3o de m\u00e9tricas que propiciem \u00e0 Administra\u00e7\u00e3o Tribut\u00e1ria Municipal condi\u00e7\u00f5es de identificar os ind\u00edcios de sonega\u00e7\u00e3o fiscal no \u00e2mbito de suas compet\u00eancias \u00e9 premente. A redu\u00e7\u00e3o da sonega\u00e7\u00e3o fiscal \u00e9 uma forma de promover a Justi\u00e7a Fiscal e de atingir patamares melhores na arrecada\u00e7\u00e3o dos tributos pr\u00f3prios. Quanto mais t\u00e9cnicos os par\u00e2metros de fiscaliza\u00e7\u00e3o, baseados em m\u00e9tricas por indicadores gerenciais e estrat\u00e9gicos, maiores as chances de se promover uma mudan\u00e7a efetiva na forma da arrecada\u00e7\u00e3o e no comportamento dos contribuintes e mun\u00edcipes.<\/p>\n","protected":false},"excerpt":{"rendered":"<p>O \u201csoneg\u00f4metro\u201d \u00e9 um aplicativo dispon\u00edvel na internet (www.quantocustaobrasil.com.br) que mede a m\u00e9dia estimada de sonega\u00e7\u00e3o fiscal no pa\u00eds. Trata-se de uma outra vis\u00e3o sobre a arrecada\u00e7\u00e3o tribut\u00e1ria brasileira, que busca uma reflex\u00e3o sobre quanto o pa\u00eds perde na arrecada\u00e7\u00e3o com a sonega\u00e7\u00e3o fiscal. A m\u00e9trica utilizada da sonega\u00e7\u00e3o \u00e9 uma vis\u00e3o do Sindicato dos&hellip; <br \/> <a class=\"read-more\" href=\"https:\/\/www.eficax.rs\/?p=49\">Leia mais<\/a><\/p>\n","protected":false},"author":3,"featured_media":0,"comment_status":"closed","ping_status":"open","sticky":false,"template":"","format":"standard","meta":[],"categories":[3],"tags":[9],"wppr_data":[],"acf":[],"_links":{"self":[{"href":"https:\/\/www.eficax.rs\/index.php?rest_route=\/wp\/v2\/posts\/49"}],"collection":[{"href":"https:\/\/www.eficax.rs\/index.php?rest_route=\/wp\/v2\/posts"}],"about":[{"href":"https:\/\/www.eficax.rs\/index.php?rest_route=\/wp\/v2\/types\/post"}],"author":[{"embeddable":true,"href":"https:\/\/www.eficax.rs\/index.php?rest_route=\/wp\/v2\/users\/3"}],"replies":[{"embeddable":true,"href":"https:\/\/www.eficax.rs\/index.php?rest_route=%2Fwp%2Fv2%2Fcomments&post=49"}],"version-history":[{"count":1,"href":"https:\/\/www.eficax.rs\/index.php?rest_route=\/wp\/v2\/posts\/49\/revisions"}],"predecessor-version":[{"id":50,"href":"https:\/\/www.eficax.rs\/index.php?rest_route=\/wp\/v2\/posts\/49\/revisions\/50"}],"wp:attachment":[{"href":"https:\/\/www.eficax.rs\/index.php?rest_route=%2Fwp%2Fv2%2Fmedia&parent=49"}],"wp:term":[{"taxonomy":"category","embeddable":true,"href":"https:\/\/www.eficax.rs\/index.php?rest_route=%2Fwp%2Fv2%2Fcategories&post=49"},{"taxonomy":"post_tag","embeddable":true,"href":"https:\/\/www.eficax.rs\/index.php?rest_route=%2Fwp%2Fv2%2Ftags&post=49"}],"curies":[{"name":"wp","href":"https:\/\/api.w.org\/{rel}","templated":true}]}}